{"id":1369,"date":"2017-05-23T08:06:48","date_gmt":"2017-05-23T07:06:48","guid":{"rendered":"http:\/\/www.creativegreen.at\/Blogingreen\/?p=1369"},"modified":"2017-05-23T08:06:48","modified_gmt":"2017-05-23T07:06:48","slug":"schmetterlinge-schuetzen","status":"publish","type":"post","link":"https:\/\/www.creativegreen.at\/Blogingreen\/schmetterlinge-schuetzen\/","title":{"rendered":"Schmetterlinge sch\u00fctzen !!!"},"content":{"rendered":"\n\n<div class=\"kk-star-ratings kksr-auto kksr-align-right kksr-valign-top\"\n    data-payload='{&quot;align&quot;:&quot;right&quot;,&quot;id&quot;:&quot;1369&quot;,&quot;slug&quot;:&quot;default&quot;,&quot;valign&quot;:&quot;top&quot;,&quot;ignore&quot;:&quot;&quot;,&quot;reference&quot;:&quot;auto&quot;,&quot;class&quot;:&quot;&quot;,&quot;count&quot;:&quot;0&quot;,&quot;legendonly&quot;:&quot;&quot;,&quot;readonly&quot;:&quot;&quot;,&quot;score&quot;:&quot;0&quot;,&quot;starsonly&quot;:&quot;&quot;,&quot;best&quot;:&quot;5&quot;,&quot;gap&quot;:&quot;1&quot;,&quot;greet&quot;:&quot;&quot;,&quot;legend&quot;:&quot;0\\\/5 - (0 votes)&quot;,&quot;size&quot;:&quot;1&quot;,&quot;title&quot;:&quot;Schmetterlinge sch\u00fctzen !!!&quot;,&quot;width&quot;:&quot;0&quot;,&quot;_legend&quot;:&quot;{score}\\\/{best} - ({count} {votes})&quot;,&quot;font_factor&quot;:&quot;1.25&quot;}'>\n            \n<div class=\"kksr-stars\">\n    \n<div class=\"kksr-stars-inactive\">\n            <div class=\"kksr-star\" data-star=\"1\" style=\"padding-right: 1px\">\n            \n\n<div class=\"kksr-icon\" style=\"width: 1px; height: 1px;\"><\/div>\n        <\/div>\n            <div class=\"kksr-star\" data-star=\"2\" style=\"padding-right: 1px\">\n            \n\n<div class=\"kksr-icon\" style=\"width: 1px; height: 1px;\"><\/div>\n        <\/div>\n            <div class=\"kksr-star\" data-star=\"3\" style=\"padding-right: 1px\">\n            \n\n<div class=\"kksr-icon\" style=\"width: 1px; height: 1px;\"><\/div>\n        <\/div>\n            <div class=\"kksr-star\" data-star=\"4\" style=\"padding-right: 1px\">\n            \n\n<div class=\"kksr-icon\" style=\"width: 1px; height: 1px;\"><\/div>\n        <\/div>\n            <div class=\"kksr-star\" data-star=\"5\" style=\"padding-right: 1px\">\n            \n\n<div class=\"kksr-icon\" style=\"width: 1px; height: 1px;\"><\/div>\n        <\/div>\n    <\/div>\n    \n<div class=\"kksr-stars-active\" style=\"width: 0px;\">\n            <div class=\"kksr-star\" style=\"padding-right: 1px\">\n            \n\n<div class=\"kksr-icon\" style=\"width: 1px; height: 1px;\"><\/div>\n        <\/div>\n            <div class=\"kksr-star\" style=\"padding-right: 1px\">\n            \n\n<div class=\"kksr-icon\" style=\"width: 1px; height: 1px;\"><\/div>\n        <\/div>\n            <div class=\"kksr-star\" style=\"padding-right: 1px\">\n            \n\n<div class=\"kksr-icon\" style=\"width: 1px; height: 1px;\"><\/div>\n        <\/div>\n            <div class=\"kksr-star\" style=\"padding-right: 1px\">\n            \n\n<div class=\"kksr-icon\" style=\"width: 1px; height: 1px;\"><\/div>\n        <\/div>\n            <div class=\"kksr-star\" style=\"padding-right: 1px\">\n            \n\n<div class=\"kksr-icon\" style=\"width: 1px; height: 1px;\"><\/div>\n        <\/div>\n    <\/div>\n<\/div>\n                \n\n<div class=\"kksr-legend\" style=\"font-size: 0.8px;\">\n            <span class=\"kksr-muted\"><\/span>\n    <\/div>\n    <\/div>\n<p><img loading=\"lazy\" decoding=\"async\" class=\"alignleft size-medium wp-image-463\" src=\"http:\/\/www.creativegreen.at\/Blogingreen\/wp-content\/uploads\/2015\/03\/Gartler-300x161.gif\" alt=\"\" width=\"300\" height=\"161\">Was f\u00fcr Bienen und Hummeln gilt, sollte auch f\u00fcr unsere Gauklerfreunde, die Falter, gelten, n\u00e4mlich der Schutz ihrer Naturheimat. Von unseren heimischen Faltern gilt die H\u00e4lfte als gef\u00e4hrdet, so ein Ergebnis des zweiten Schmetterlingsreports. Die aktuelle Bestandsaufnahme l\u00e4sst ein leises und langsames Verschwinden vieler Arten bef\u00fcrchten, warnten Experten bei einem Pressegespr\u00e4ch am Montag, den 22. 5.2017 in Wien. Schon der erste Report &#8222;<a href=\"https:\/\/www.global2000.at\/sites\/global\/files\/Schmetterlingsreport_0.PDF\">Ausgeflattert \u2013 Der stille Tod der \u00f6sterreichischen Schmetterlinge<\/a>&#8220; aus dem Vorjahr gab wenig Anlass zu Hoffnung, im jetzt vorgelegten zweiten Teil best\u00e4tigt der Tiroler Wissenschafter Peter Huemer den akuten Handlungsbedarf.<\/p>\n<p><img loading=\"lazy\" decoding=\"async\" class=\"alignright size-medium wp-image-1370\" src=\"http:\/\/www.creativegreen.at\/Blogingreen\/wp-content\/uploads\/2017\/05\/DSC_0031_640_x_480-300x202.jpg\" alt=\"\" width=\"300\" height=\"202\" srcset=\"https:\/\/www.creativegreen.at\/Blogingreen\/wp-content\/uploads\/2017\/05\/DSC_0031_640_x_480-300x202.jpg 300w, https:\/\/www.creativegreen.at\/Blogingreen\/wp-content\/uploads\/2017\/05\/DSC_0031_640_x_480.jpg 640w\" sizes=\"auto, (max-width: 300px) 100vw, 300px\" \/>Besonders in Ost-\u00d6sterreich sinken die Zahlen und die Artenvielfalt weiter dramatisch. Allerdings zeigen die Kurzreports, dass sich die Details in Wien, Nieder\u00f6sterreich, der Steiermark und dem Burgenland stark unterscheiden. Von den rund 4.070 heimischen Schmetterlingsarten z\u00e4hlen 208 zu den Tagfaltern. Im Europavergleich liegt \u00d6sterreich damit an der Spitze, was vor allem an der abwechslungsreichen Landschaften liegt. In Nieder\u00f6sterreich findet man mit 3.511 fast so viele unterschiedliche Arten wie in der Gesamten Bundesrepublik (3.600). Selbst in Schutzgebieten hat sich der Bestand aber stark dezimiert. &#8222;Die Bedrohung f\u00fcr Bienen ist sehr gut aufgearbeitet&#8220;, so &#8222;Global 2000&#8220;-Gesch\u00e4ftsf\u00fchrerin Leonore Gewessler. Sie forderte auch f\u00fcr die zarten Falter sofortige Schutzma\u00dfnahmen. Die 2016 gemeinsam mit der REWE-Stiftung &#8222;Bl\u00fchendes \u00d6sterreich&#8220; initiierte &#8222;<a href=\"https:\/\/schmetterlingsapp.at\/\">Schmetterlings-App<\/a>&#8220; ist die beliebteste ihrer Art im Bereich Natur- und Umweltschutz und eine M\u00f6glichkeit f\u00fcr jedermann, sich aktiv einzubringen.<\/p>\n<p>Ein erster Ansatzpunkt als Gartenliebhaber w\u00e4re, seinen Pflanzenbestand zu \u00fcberdenken. Vielleicht gibt es da die eine oder andere Verbesserungsm\u00f6glichkeit, durch Neupflanzung heimischer Pflanzen, die Schmetterlinge als Futterpflanzen wollen und den sorgsameren Einsatz von Pestiziden. Diese haben in einem Naturgarten eigentlich sowieso nichts zu suchen. Und wenn die Wiese rund ums Haus das erste Mal erst Mitte Mai gem\u00e4ht w\u00fcrde, dann h\u00e4tten nicht nur eine Menge von n\u00fctzlichen Insekten etwas davon, sondern die kleinen Bl\u00fcten w\u00fcrden auch den Gartenbesitzer mit ihren Farbtupfern erfreuen.<\/p>\n<p>Quelle: Der Standard, <a href=\"https:\/\/www.bluehendesoesterreich.at\/\">Bl\u00fchendes \u00d6sterreich<\/a><\/p>\n","protected":false},"excerpt":{"rendered":"<p>Was f\u00fcr Bienen und Hummeln gilt, sollte auch f\u00fcr unsere Gauklerfreunde, die Falter, gelten, n\u00e4mlich der Schutz ihrer Naturheimat. Von unseren heimischen Faltern gilt die H\u00e4lfte als gef\u00e4hrdet, so ein Ergebnis des zweiten Schmetterlingsreports. Die aktuelle Bestandsaufnahme l\u00e4sst ein leises &hellip;<\/p>\n<p><a href=\"https:\/\/www.creativegreen.at\/Blogingreen\/schmetterlinge-schuetzen\/\">Lesen Sie weiter<span class=\"meta-nav\">&rarr;<\/span><\/a><\/p>\n","protected":false},"author":2,"featured_media":0,"comment_status":"open","ping_status":"open","sticky":false,"template":"","format":"standard","meta":{"ngg_post_thumbnail":0,"footnotes":""},"categories":[1,19,11],"tags":[],"class_list":["post-1369","post","type-post","status-publish","format-standard","hentry","category-allgemein","category-gartenbau","category-kleingarten"],"_links":{"self":[{"href":"https:\/\/www.creativegreen.at\/Blogingreen\/wp-json\/wp\/v2\/posts\/1369","targetHints":{"allow":["GET"]}}],"collection":[{"href":"https:\/\/www.creativegreen.at\/Blogingreen\/wp-json\/wp\/v2\/posts"}],"about":[{"href":"https:\/\/www.creativegreen.at\/Blogingreen\/wp-json\/wp\/v2\/types\/post"}],"author":[{"embeddable":true,"href":"https:\/\/www.creativegreen.at\/Blogingreen\/wp-json\/wp\/v2\/users\/2"}],"replies":[{"embeddable":true,"href":"https:\/\/www.creativegreen.at\/Blogingreen\/wp-json\/wp\/v2\/comments?post=1369"}],"version-history":[{"count":1,"href":"https:\/\/www.creativegreen.at\/Blogingreen\/wp-json\/wp\/v2\/posts\/1369\/revisions"}],"predecessor-version":[{"id":1371,"href":"https:\/\/www.creativegreen.at\/Blogingreen\/wp-json\/wp\/v2\/posts\/1369\/revisions\/1371"}],"wp:attachment":[{"href":"https:\/\/www.creativegreen.at\/Blogingreen\/wp-json\/wp\/v2\/media?parent=1369"}],"wp:term":[{"taxonomy":"category","embeddable":true,"href":"https:\/\/www.creativegreen.at\/Blogingreen\/wp-json\/wp\/v2\/categories?post=1369"},{"taxonomy":"post_tag","embeddable":true,"href":"https:\/\/www.creativegreen.at\/Blogingreen\/wp-json\/wp\/v2\/tags?post=1369"}],"curies":[{"name":"wp","href":"https:\/\/api.w.org\/{rel}","templated":true}]}}