{"id":1538,"date":"2019-05-30T17:44:23","date_gmt":"2019-05-30T16:44:23","guid":{"rendered":"https:\/\/www.creativegreen.at\/Blogingreen\/?p=1538"},"modified":"2019-05-30T18:11:40","modified_gmt":"2019-05-30T17:11:40","slug":"borkenkaefer-eine-tragoedie-im-garten","status":"publish","type":"post","link":"https:\/\/www.creativegreen.at\/Blogingreen\/borkenkaefer-eine-tragoedie-im-garten\/","title":{"rendered":"Borkenk\u00e4fer \u2013 eine Trag\u00f6die im Garten &#8230;"},"content":{"rendered":"\n\n<div class=\"kk-star-ratings kksr-auto kksr-align-right kksr-valign-top\"\n    data-payload='{&quot;align&quot;:&quot;right&quot;,&quot;id&quot;:&quot;1538&quot;,&quot;slug&quot;:&quot;default&quot;,&quot;valign&quot;:&quot;top&quot;,&quot;ignore&quot;:&quot;&quot;,&quot;reference&quot;:&quot;auto&quot;,&quot;class&quot;:&quot;&quot;,&quot;count&quot;:&quot;0&quot;,&quot;legendonly&quot;:&quot;&quot;,&quot;readonly&quot;:&quot;&quot;,&quot;score&quot;:&quot;0&quot;,&quot;starsonly&quot;:&quot;&quot;,&quot;best&quot;:&quot;5&quot;,&quot;gap&quot;:&quot;1&quot;,&quot;greet&quot;:&quot;&quot;,&quot;legend&quot;:&quot;0\\\/5 - (0 votes)&quot;,&quot;size&quot;:&quot;1&quot;,&quot;title&quot;:&quot;Borkenk\u00e4fer \u2013 eine Trag\u00f6die im Garten ...&quot;,&quot;width&quot;:&quot;0&quot;,&quot;_legend&quot;:&quot;{score}\\\/{best} - ({count} {votes})&quot;,&quot;font_factor&quot;:&quot;1.25&quot;}'>\n            \n<div class=\"kksr-stars\">\n    \n<div class=\"kksr-stars-inactive\">\n            <div class=\"kksr-star\" data-star=\"1\" style=\"padding-right: 1px\">\n            \n\n<div class=\"kksr-icon\" style=\"width: 1px; height: 1px;\"><\/div>\n        <\/div>\n            <div class=\"kksr-star\" data-star=\"2\" style=\"padding-right: 1px\">\n            \n\n<div class=\"kksr-icon\" style=\"width: 1px; height: 1px;\"><\/div>\n        <\/div>\n            <div class=\"kksr-star\" data-star=\"3\" style=\"padding-right: 1px\">\n            \n\n<div class=\"kksr-icon\" style=\"width: 1px; height: 1px;\"><\/div>\n        <\/div>\n            <div class=\"kksr-star\" data-star=\"4\" style=\"padding-right: 1px\">\n            \n\n<div class=\"kksr-icon\" style=\"width: 1px; height: 1px;\"><\/div>\n        <\/div>\n            <div class=\"kksr-star\" data-star=\"5\" style=\"padding-right: 1px\">\n            \n\n<div class=\"kksr-icon\" style=\"width: 1px; height: 1px;\"><\/div>\n        <\/div>\n    <\/div>\n    \n<div class=\"kksr-stars-active\" style=\"width: 0px;\">\n            <div class=\"kksr-star\" style=\"padding-right: 1px\">\n            \n\n<div class=\"kksr-icon\" style=\"width: 1px; height: 1px;\"><\/div>\n        <\/div>\n            <div class=\"kksr-star\" style=\"padding-right: 1px\">\n            \n\n<div class=\"kksr-icon\" style=\"width: 1px; height: 1px;\"><\/div>\n        <\/div>\n            <div class=\"kksr-star\" style=\"padding-right: 1px\">\n            \n\n<div class=\"kksr-icon\" style=\"width: 1px; height: 1px;\"><\/div>\n        <\/div>\n            <div class=\"kksr-star\" style=\"padding-right: 1px\">\n            \n\n<div class=\"kksr-icon\" style=\"width: 1px; height: 1px;\"><\/div>\n        <\/div>\n            <div class=\"kksr-star\" style=\"padding-right: 1px\">\n            \n\n<div class=\"kksr-icon\" style=\"width: 1px; height: 1px;\"><\/div>\n        <\/div>\n    <\/div>\n<\/div>\n                \n\n<div class=\"kksr-legend\" style=\"font-size: 0.8px;\">\n            <span class=\"kksr-muted\"><\/span>\n    <\/div>\n    <\/div>\n<div id=\"attachment_1540\" style=\"width: 310px\" class=\"wp-caption alignleft\"><img loading=\"lazy\" decoding=\"async\" aria-describedby=\"caption-attachment-1540\" class=\"size-medium wp-image-1540\" src=\"https:\/\/www.creativegreen.at\/Blogingreen\/wp-content\/uploads\/2019\/05\/IMG_20190530_144911_244_1280_x_1024-300x300.jpg\" alt=\"\" width=\"300\" height=\"300\" srcset=\"https:\/\/www.creativegreen.at\/Blogingreen\/wp-content\/uploads\/2019\/05\/IMG_20190530_144911_244_1280_x_1024-300x300.jpg 300w, https:\/\/www.creativegreen.at\/Blogingreen\/wp-content\/uploads\/2019\/05\/IMG_20190530_144911_244_1280_x_1024-150x150.jpg 150w, https:\/\/www.creativegreen.at\/Blogingreen\/wp-content\/uploads\/2019\/05\/IMG_20190530_144911_244_1280_x_1024.jpg 768w\" sizes=\"auto, (max-width: 300px) 100vw, 300px\" \/><p id=\"caption-attachment-1540\" class=\"wp-caption-text\">Borkenk\u00e4fer (Pityogenes chalcographus) auf dem Baumstumpf<\/p><\/div>\n<p align=\"justify\">Vor etwa zwei Jahren bemerkten wir bei einer Fichte im Garten gewisse Ver\u00e4nderungen, sie wuchs nicht mehr so, wie die anderen. Vorerst schenkten wir diesem Umstand nur wenig Bedeutung, doch schon bald, waren auch die beiden benachbarten B\u00e4ume mehr oder weniger davon betroffen. Die Ursache war dann auch relativ rasch gefunden \u2013 es war der Borkenk\u00e4fer. Wahrscheinlich hatten die gefr\u00e4\u00dfigen Insekten \u00fcber Nachbars B\u00e4ume und Altholz aus den umliegenden W\u00e4ldern, das die Bauern auf ihren Freifl\u00e4chen ringsum lagerten, ihren Weg zu unseren B\u00e4umen gefunden. Nun was tun, war die Frage. F\u00e4llen, w\u00e4re die eine Antwort gewesen, womit aber das grunds\u00e4tzliche Problem nicht zur G\u00e4nze beseitigt gewesen w\u00e4re, wenn man obigen Zeilen folgt. Unterst\u00fctzen \u2013 dieser Idee wollten wir folgen.<\/p>\n<p align=\"justify\">Leider zeigte sich aber schon im vergangenen Jahr, dass, wahrscheinlich infolge des vom Menschen verursachten Klimawandels, wir irgendwie auf verlorenem Posten k\u00e4mpften. Der Grund war die Witterungslage mit dem langen hei\u00dfen Sommer ohne nennenswerten Niederschlag, ein \u201eEl Dorado\u201c f\u00fcr die kleinen schwarzen rundlichen Biester. Nachdem unsere Wasservorr\u00e4te (Eigenbrunnenversorgung) dann auch zur Neige gingen, war das Schicksal von den drei Fichten besiegelt. Wir konnten nur mehr zusehen, wie sie ihre Nadeln verloren und schlie\u00dflich ziemlich kahl dastanden.<!--more--><\/p>\n<p align=\"justify\">&nbsp;<\/p>\n<div id=\"attachment_1541\" style=\"width: 235px\" class=\"wp-caption alignright\"><img loading=\"lazy\" decoding=\"async\" aria-describedby=\"caption-attachment-1541\" class=\"size-medium wp-image-1541\" src=\"https:\/\/www.creativegreen.at\/Blogingreen\/wp-content\/uploads\/2019\/05\/IMG_20190415_090811_242_1280_x_1024-225x300.jpg\" alt=\"\" width=\"225\" height=\"300\" srcset=\"https:\/\/www.creativegreen.at\/Blogingreen\/wp-content\/uploads\/2019\/05\/IMG_20190415_090811_242_1280_x_1024-225x300.jpg 225w, https:\/\/www.creativegreen.at\/Blogingreen\/wp-content\/uploads\/2019\/05\/IMG_20190415_090811_242_1280_x_1024.jpg 768w\" sizes=\"auto, (max-width: 225px) 100vw, 225px\" \/><p id=\"caption-attachment-1541\" class=\"wp-caption-text\">Der Baumpfleger f\u00e4llt die befallenen Fichten<\/p><\/div>\n<p>Im Fr\u00fchjahr nun kam dann der Baumpfleger und beseitigte die Reste. Angesprochen darauf, ob hier noch K\u00e4fer t\u00e4tig w\u00e4ren, meinte er, sicher nicht, denn die B\u00e4ume w\u00e4ren bereits seit Monaten tot \u2013 und so auch die K\u00e4fer und deren Larven. Ein Irrglaube, wie sich dann nach dem F\u00e4llen und der Aufarbeitung des Schadholzes herausstellen sollte. Denn unter der teilweise noch intakten Rinde herrschte reges Treiben, was uns zu sofortigen Notma\u00dfnahmen veranlasste. Die metrigen St\u00e4mme wurden sofort entrindet und fanden samt den Astmaterial den schnellsten Weg in den Ofen.<\/p>\n<p>&nbsp;<\/p>\n<p align=\"justify\">Nun staunte ich heute, nach Wochen zu vorherigen Begebenheiten, nicht schlecht, als ich auf den verbliebenen St\u00fcmpfen nochmals K\u00e4fer vorfand. Damit sollte klar sein: Die Borkenk\u00e4fergefahr ist nicht so einfach in den Griff zu bekommen, wie manche \u201eProfis\u201c meinen. Die Biester \u00fcberleben noch nach geraumer Zeit und setzen ihr Zerst\u00f6rungswerk fort. Deshalb ist es unbedingt n\u00f6tig, entsprechende Ma\u00dfnahmen zu setzen und die K\u00e4fer massiv und nachhaltig zu bek\u00e4mpfen.<\/p>\n<p align=\"justify\">Wir haben nun hier an den verbliebenen St\u00fcmpfen noch mit einem Insektizid gearbeitet, um die Reste noch unter Kontrolle zu bekommen \u2013 und hoffen das es wirkt. Sonst w\u00e4re die Trag\u00f6die im Garten noch nicht zu Ende, denn leider stehen auch noch andere Baumarten auf dem Speiseplan. Wir bleiben also wachsam &#8230;<\/p>\n<p align=\"justify\"><img loading=\"lazy\" decoding=\"async\" class=\"aligncenter size-medium wp-image-1542\" src=\"https:\/\/www.creativegreen.at\/Blogingreen\/wp-content\/uploads\/2019\/05\/DSC_2476_1280_x_1024-300x200.jpg\" alt=\"\" width=\"300\" height=\"200\" srcset=\"https:\/\/www.creativegreen.at\/Blogingreen\/wp-content\/uploads\/2019\/05\/DSC_2476_1280_x_1024-300x200.jpg 300w, https:\/\/www.creativegreen.at\/Blogingreen\/wp-content\/uploads\/2019\/05\/DSC_2476_1280_x_1024-768x512.jpg 768w, https:\/\/www.creativegreen.at\/Blogingreen\/wp-content\/uploads\/2019\/05\/DSC_2476_1280_x_1024-1024x682.jpg 1024w, https:\/\/www.creativegreen.at\/Blogingreen\/wp-content\/uploads\/2019\/05\/DSC_2476_1280_x_1024.jpg 1280w\" sizes=\"auto, (max-width: 300px) 100vw, 300px\" \/><\/p>\n<div id=\"attachment_1543\" style=\"width: 310px\" class=\"wp-caption alignleft\"><img loading=\"lazy\" decoding=\"async\" aria-describedby=\"caption-attachment-1543\" class=\"size-medium wp-image-1543\" src=\"https:\/\/www.creativegreen.at\/Blogingreen\/wp-content\/uploads\/2019\/05\/DSC_2477_1280_x_1024-300x200.jpg\" alt=\"\" width=\"300\" height=\"200\" srcset=\"https:\/\/www.creativegreen.at\/Blogingreen\/wp-content\/uploads\/2019\/05\/DSC_2477_1280_x_1024-300x200.jpg 300w, https:\/\/www.creativegreen.at\/Blogingreen\/wp-content\/uploads\/2019\/05\/DSC_2477_1280_x_1024-768x512.jpg 768w, https:\/\/www.creativegreen.at\/Blogingreen\/wp-content\/uploads\/2019\/05\/DSC_2477_1280_x_1024-1024x682.jpg 1024w, https:\/\/www.creativegreen.at\/Blogingreen\/wp-content\/uploads\/2019\/05\/DSC_2477_1280_x_1024.jpg 1280w\" sizes=\"auto, (max-width: 300px) 100vw, 300px\" \/><p id=\"caption-attachment-1543\" class=\"wp-caption-text\">Die angeblich schon toten K\u00e4fer erfreuen sich nach dem Winter bester Gesundheit<\/p><\/div>\n","protected":false},"excerpt":{"rendered":"<p>Vor etwa zwei Jahren bemerkten wir bei einer Fichte im Garten gewisse Ver\u00e4nderungen, sie wuchs nicht mehr so, wie die anderen. Vorerst schenkten wir diesem Umstand nur wenig Bedeutung, doch schon bald, waren auch die beiden benachbarten B\u00e4ume mehr oder &hellip;<\/p>\n<p><a href=\"https:\/\/www.creativegreen.at\/Blogingreen\/borkenkaefer-eine-tragoedie-im-garten\/\">Lesen Sie weiter<span class=\"meta-nav\">&rarr;<\/span><\/a><\/p>\n","protected":false},"author":2,"featured_media":0,"comment_status":"open","ping_status":"open","sticky":false,"template":"","format":"standard","meta":{"ngg_post_thumbnail":0,"footnotes":""},"categories":[1,19],"tags":[140,139,141],"class_list":["post-1538","post","type-post","status-publish","format-standard","hentry","category-allgemein","category-gartenbau","tag-baumpfleger","tag-borkenkaefer","tag-schadbild"],"_links":{"self":[{"href":"https:\/\/www.creativegreen.at\/Blogingreen\/wp-json\/wp\/v2\/posts\/1538","targetHints":{"allow":["GET"]}}],"collection":[{"href":"https:\/\/www.creativegreen.at\/Blogingreen\/wp-json\/wp\/v2\/posts"}],"about":[{"href":"https:\/\/www.creativegreen.at\/Blogingreen\/wp-json\/wp\/v2\/types\/post"}],"author":[{"embeddable":true,"href":"https:\/\/www.creativegreen.at\/Blogingreen\/wp-json\/wp\/v2\/users\/2"}],"replies":[{"embeddable":true,"href":"https:\/\/www.creativegreen.at\/Blogingreen\/wp-json\/wp\/v2\/comments?post=1538"}],"version-history":[{"count":3,"href":"https:\/\/www.creativegreen.at\/Blogingreen\/wp-json\/wp\/v2\/posts\/1538\/revisions"}],"predecessor-version":[{"id":1546,"href":"https:\/\/www.creativegreen.at\/Blogingreen\/wp-json\/wp\/v2\/posts\/1538\/revisions\/1546"}],"wp:attachment":[{"href":"https:\/\/www.creativegreen.at\/Blogingreen\/wp-json\/wp\/v2\/media?parent=1538"}],"wp:term":[{"taxonomy":"category","embeddable":true,"href":"https:\/\/www.creativegreen.at\/Blogingreen\/wp-json\/wp\/v2\/categories?post=1538"},{"taxonomy":"post_tag","embeddable":true,"href":"https:\/\/www.creativegreen.at\/Blogingreen\/wp-json\/wp\/v2\/tags?post=1538"}],"curies":[{"name":"wp","href":"https:\/\/api.w.org\/{rel}","templated":true}]}}