{"id":1555,"date":"2019-07-09T17:17:41","date_gmt":"2019-07-09T16:17:41","guid":{"rendered":"https:\/\/www.creativegreen.at\/Blogingreen\/?p=1555"},"modified":"2019-07-15T07:41:06","modified_gmt":"2019-07-15T06:41:06","slug":"distelgarten-2","status":"publish","type":"post","link":"https:\/\/www.creativegreen.at\/Blogingreen\/distelgarten-2\/","title":{"rendered":"Distelgarten &#8211; 2"},"content":{"rendered":"\n\n<div class=\"kk-star-ratings kksr-auto kksr-align-right kksr-valign-top\"\n    data-payload='{&quot;align&quot;:&quot;right&quot;,&quot;id&quot;:&quot;1555&quot;,&quot;slug&quot;:&quot;default&quot;,&quot;valign&quot;:&quot;top&quot;,&quot;ignore&quot;:&quot;&quot;,&quot;reference&quot;:&quot;auto&quot;,&quot;class&quot;:&quot;&quot;,&quot;count&quot;:&quot;0&quot;,&quot;legendonly&quot;:&quot;&quot;,&quot;readonly&quot;:&quot;&quot;,&quot;score&quot;:&quot;0&quot;,&quot;starsonly&quot;:&quot;&quot;,&quot;best&quot;:&quot;5&quot;,&quot;gap&quot;:&quot;1&quot;,&quot;greet&quot;:&quot;&quot;,&quot;legend&quot;:&quot;0\\\/5 - (0 votes)&quot;,&quot;size&quot;:&quot;1&quot;,&quot;title&quot;:&quot;Distelgarten - 2&quot;,&quot;width&quot;:&quot;0&quot;,&quot;_legend&quot;:&quot;{score}\\\/{best} - ({count} {votes})&quot;,&quot;font_factor&quot;:&quot;1.25&quot;}'>\n            \n<div class=\"kksr-stars\">\n    \n<div class=\"kksr-stars-inactive\">\n            <div class=\"kksr-star\" data-star=\"1\" style=\"padding-right: 1px\">\n            \n\n<div class=\"kksr-icon\" style=\"width: 1px; height: 1px;\"><\/div>\n        <\/div>\n            <div class=\"kksr-star\" data-star=\"2\" style=\"padding-right: 1px\">\n            \n\n<div class=\"kksr-icon\" style=\"width: 1px; height: 1px;\"><\/div>\n        <\/div>\n            <div class=\"kksr-star\" data-star=\"3\" style=\"padding-right: 1px\">\n            \n\n<div class=\"kksr-icon\" style=\"width: 1px; height: 1px;\"><\/div>\n        <\/div>\n            <div class=\"kksr-star\" data-star=\"4\" style=\"padding-right: 1px\">\n            \n\n<div class=\"kksr-icon\" style=\"width: 1px; height: 1px;\"><\/div>\n        <\/div>\n            <div class=\"kksr-star\" data-star=\"5\" style=\"padding-right: 1px\">\n            \n\n<div class=\"kksr-icon\" style=\"width: 1px; height: 1px;\"><\/div>\n        <\/div>\n    <\/div>\n    \n<div class=\"kksr-stars-active\" style=\"width: 0px;\">\n            <div class=\"kksr-star\" style=\"padding-right: 1px\">\n            \n\n<div class=\"kksr-icon\" style=\"width: 1px; height: 1px;\"><\/div>\n        <\/div>\n            <div class=\"kksr-star\" style=\"padding-right: 1px\">\n            \n\n<div class=\"kksr-icon\" style=\"width: 1px; height: 1px;\"><\/div>\n        <\/div>\n            <div class=\"kksr-star\" style=\"padding-right: 1px\">\n            \n\n<div class=\"kksr-icon\" style=\"width: 1px; height: 1px;\"><\/div>\n        <\/div>\n            <div class=\"kksr-star\" style=\"padding-right: 1px\">\n            \n\n<div class=\"kksr-icon\" style=\"width: 1px; height: 1px;\"><\/div>\n        <\/div>\n            <div class=\"kksr-star\" style=\"padding-right: 1px\">\n            \n\n<div class=\"kksr-icon\" style=\"width: 1px; height: 1px;\"><\/div>\n        <\/div>\n    <\/div>\n<\/div>\n                \n\n<div class=\"kksr-legend\" style=\"font-size: 0.8px;\">\n            <span class=\"kksr-muted\"><\/span>\n    <\/div>\n    <\/div>\n<p>Wie schon <a href=\"https:\/\/www.creativegreen.at\/Blogingreen\/?p=1153\">vor drei Jahren<\/a> angeregt, haben wir uns dazu entschlossen einen Distelgarten zu haben. Dies ist eine nicht allt\u00e4gliche, aber sehr interessante Gartenkomposition. Die Pflanzen k\u00f6nnen mitunter sehr hoch und ausladend werden, beschenken einem aber mit phantastischen Bildern und reizenden Bl\u00fcten, die ihresgleichen suchen. Inngesamt sind Disteln eine sehr interessante Pflanzenfamilie. Der Name geht lt. Wikipedia auf indogermanische Urspr\u00fcnge zur\u00fcck und bedeutet soviel wie &#8222;spitz&#8220; oder &#8222;stechend&#8220;, was sicher gleich jeder nachf\u00fchlen kann, der einmal mit einer Distel in n\u00e4heren Kontakt gekommen ist. Wahrscheinlich hat sie deshalb auch auf einigen Wappen ihren Platz gefunden, um anderen zu signalisieren, das mit dem Tr\u00e4ger m\u00f6glicherweise nicht gut Kirschenessen ist.<\/p>\n<p>Unsere Eselsdisteln haben dieses Jahr ganz gewaltige Exemplare hervor gebracht. Ein Stammdurchmesser von 6cm ist kein Einzelfall und die H\u00f6hen liegen bei gut drei Metern. Eine Weinbergschnecke fand sie trotzdem zum Fressen gern und hat ihren Magen trotz der bedrohlichen Abwehr gut gef\u00fcllt &#8211; ohne jedoch der ganzen Pflanze wirklich zu schaden.<\/p>\n<p>Besonders hervorzuheben w\u00e4ren noch die Insekten, die hier einen Lebensraum finden. Denn die Disteln werden von verschiedenen Hummel- und Bienenarten besucht, die heute in der Landschaft schon sehr selten geworden sind. Auch Falter kommen immer wieder auf einen Kurzbesuch vorbei und schauen, ob es ein Naktarangebot f\u00fcr sie gibt.<\/p>\n<p>Selbst wenn die Disteln dann schon verbl\u00fcht sind und abzusterben beginnen, gaben sie mit ihrem bizarren Aussehen noch ein sch\u00f6nes, extravagantes Gartenbild ab, besonders in der weichen r\u00f6tlichen Abendsonne des Sp\u00e4tsommers.<\/p>\nngg_shortcode_0_placeholder\n","protected":false},"excerpt":{"rendered":"<p>Wie schon vor drei Jahren angeregt, haben wir uns dazu entschlossen einen Distelgarten zu haben. Dies ist eine nicht allt\u00e4gliche, aber sehr interessante Gartenkomposition. Die Pflanzen k\u00f6nnen mitunter sehr hoch und ausladend werden, beschenken einem aber mit phantastischen Bildern und &hellip;<\/p>\n<p><a href=\"https:\/\/www.creativegreen.at\/Blogingreen\/distelgarten-2\/\">Lesen Sie weiter<span class=\"meta-nav\">&rarr;<\/span><\/a><\/p>\n","protected":false},"author":2,"featured_media":0,"comment_status":"open","ping_status":"open","sticky":false,"template":"","format":"standard","meta":{"ngg_post_thumbnail":0,"footnotes":""},"categories":[1,117],"tags":[95,97,68,60],"class_list":["post-1555","post","type-post","status-publish","format-standard","hentry","category-allgemein","category-geheimer-garten","tag-distelgarten","tag-disteln","tag-eselsdistel","tag-wildbienen"],"_links":{"self":[{"href":"https:\/\/www.creativegreen.at\/Blogingreen\/wp-json\/wp\/v2\/posts\/1555","targetHints":{"allow":["GET"]}}],"collection":[{"href":"https:\/\/www.creativegreen.at\/Blogingreen\/wp-json\/wp\/v2\/posts"}],"about":[{"href":"https:\/\/www.creativegreen.at\/Blogingreen\/wp-json\/wp\/v2\/types\/post"}],"author":[{"embeddable":true,"href":"https:\/\/www.creativegreen.at\/Blogingreen\/wp-json\/wp\/v2\/users\/2"}],"replies":[{"embeddable":true,"href":"https:\/\/www.creativegreen.at\/Blogingreen\/wp-json\/wp\/v2\/comments?post=1555"}],"version-history":[{"count":5,"href":"https:\/\/www.creativegreen.at\/Blogingreen\/wp-json\/wp\/v2\/posts\/1555\/revisions"}],"predecessor-version":[{"id":1576,"href":"https:\/\/www.creativegreen.at\/Blogingreen\/wp-json\/wp\/v2\/posts\/1555\/revisions\/1576"}],"wp:attachment":[{"href":"https:\/\/www.creativegreen.at\/Blogingreen\/wp-json\/wp\/v2\/media?parent=1555"}],"wp:term":[{"taxonomy":"category","embeddable":true,"href":"https:\/\/www.creativegreen.at\/Blogingreen\/wp-json\/wp\/v2\/categories?post=1555"},{"taxonomy":"post_tag","embeddable":true,"href":"https:\/\/www.creativegreen.at\/Blogingreen\/wp-json\/wp\/v2\/tags?post=1555"}],"curies":[{"name":"wp","href":"https:\/\/api.w.org\/{rel}","templated":true}]}}